{"id":164,"date":"2019-11-22T14:10:39","date_gmt":"2019-11-22T19:10:39","guid":{"rendered":"https:\/\/www.mancinileather.com\/blog\/the-backpack-a-functionality-friendly-bag\/"},"modified":"2023-05-31T10:12:19","modified_gmt":"2023-05-31T14:12:19","slug":"sac-a-dos-rentree-scolaire","status":"publish","type":"post","link":"https:\/\/www.mancinileather.com\/fr\/blog\/sac-a-dos-rentree-scolaire","title":{"rendered":"LE SAC \u00c0 DOS, SYNONYME DE MOBILIT\u00c9 ET DE FONCTIONNALIT\u00c9!"},"content":{"rendered":"<div class=\"fusion-fullwidth fullwidth-box fusion-builder-row-1 fusion-flex-container nonhundred-percent-fullwidth non-hundred-percent-height-scrolling\" style=\"--awb-border-radius-top-left:0px;--awb-border-radius-top-right:0px;--awb-border-radius-bottom-right:0px;--awb-border-radius-bottom-left:0px;--awb-flex-wrap:wrap;\" ><div class=\"fusion-builder-row fusion-row fusion-flex-align-items-flex-start fusion-flex-content-wrap\" style=\"max-width:1430px;margin-left: calc(-4% \/ 2 );margin-right: calc(-4% \/ 2 );\"><div class=\"fusion-layout-column fusion_builder_column fusion-builder-column-0 fusion_builder_column_1_1 1_1 fusion-flex-column\" style=\"--awb-bg-size:cover;--awb-width-large:100%;--awb-margin-top-large:0px;--awb-spacing-right-large:1.92%;--awb-margin-bottom-large:0px;--awb-spacing-left-large:1.92%;--awb-width-medium:100%;--awb-spacing-right-medium:1.92%;--awb-spacing-left-medium:1.92%;--awb-width-small:100%;--awb-spacing-right-small:1.92%;--awb-spacing-left-small:1.92%;\"><div class=\"fusion-column-wrapper fusion-flex-justify-content-flex-start fusion-content-layout-column\"><div class=\"fusion-text fusion-text-1\"><p>Rentr\u00e9e scolaire rime avec nouveau sac \u00e0 dos, mais la rentr\u00e9e scolaire ne concerne pas seulement les plus jeunes. Que vous soyez au coll\u00e8ge, \u00e0 l\u2019universit\u00e9 ou sur le march\u00e9 du travail un sac est essentiel pour transporter vos ordinateurs portables, documents, cahiers et autres.<\/p>\n<p><strong>Partez du bon pied avec un sac \u00e0 dos adapt\u00e9 \u00e0 vos besoins<\/strong><\/p>\n<p>Il est important de ne pas surcharger votre sac \u00e0 dos et de r\u00e9partir le poids uniform\u00e9ment afin d\u2019\u00e9viter de vous blesser au dos. Des bretelles ajustables vous permettront de mieux adapter celui-ci \u00e0 votre morphologie, tout en augmentant son confort.<\/p>\n<p>Ne transportez seulement ce que vous avez besoin durant la journ\u00e9e et \u00e9vitez de transporter des items inutilement qui ne feront qu\u2019ajouter du poids sur vos \u00e9paules. Prenez l\u2019habitude de faire le m\u00e9nage de ce dernier au moins une fois par semaine afin d\u2019\u00e9viter d\u2019accumuler des items inutiles et qu\u2019il devienne de plus en plus lourd inutilement. Un sac avec plusieurs compartiments ext\u00e9rieurs vous aidera \u00e0 r\u00e9partir le poids des articles dans celui-ci.<\/p>\n<p>Les sacs \u00e0 dos \u00e0 roulette peuvent s\u2019av\u00e9rer \u00eatre une bonne option pour transporter des charges plus lourdes. \u00c9tant donn\u00e9 qu\u2019ils peuvent \u00eatre tir\u00e9s au lieu d\u2019\u00eatre port\u00e9s sur les \u00e9paules, il y a moins d\u2019impact sur le dos et les \u00e9paules. \u00c0 mi-chemin entre un sac \u00e0 dos et une valise, ce type de sac est le compagnon de voyage parfait.<\/p>\n<p><strong>Le choix de votre sac d\u00e9pendra donc du type d\u2019utilisation que vous en ferez<\/strong><\/p>\n<p>Que vous recherchiez un sac d\u2019\u00e9cole, sac \u00e0 dos de randonn\u00e9e ou un sac pour ordinateur portable, il vous en faut un fiable et adapt\u00e9 \u00e0 vos activit\u00e9s. Si vous en recherchez un pour une randonn\u00e9e, choisissez-en un avec une ouverture assez grande pour faciliter l\u2019insertion et le retrait des objets de grande taille.<\/p>\n<p>Le look classique des sacs \u00e0 dos avec compartiment pour un ordinateur portable est id\u00e9al pour les \u00e9tudes sup\u00e9rieures ou pour le march\u00e9 du travail. Optez pour un sac \u00e0 dos dot\u00e9 d\u2019un compartiment rembourr\u00e9 pour garder votre portable s\u00e9curis\u00e9 et prot\u00e9g\u00e9. Certains sacs \u00e0 dos sont m\u00eame \u00e9quip\u00e9s de la technologie de blocage d\u2019ondes RFID afin de mieux prot\u00e9ger vos donn\u00e9es et vos cartes bancaires.<\/p>\n<p>Que vous pr\u00e9f\u00e9riez un sac \u00e0 dos ou un sac messager,\u00a0<a href=\"\/sacs-a-dos.html?count=6\">Mancini Leather<\/a>\u00a0vous propose des sacs fabriqu\u00e9s \u00e0 la main styl\u00e9s, pratiques, durables et qui resteront ind\u00e9modables.<\/p>\n<\/div><\/div><\/div><\/div><\/div>\n","protected":false},"excerpt":{"rendered":"","protected":false},"author":2658,"featured_media":0,"comment_status":"open","ping_status":"open","sticky":false,"template":"","format":"standard","meta":{"footnotes":""},"categories":[385],"tags":[],"class_list":["post-164","post","type-post","status-publish","format-standard","hentry","category-tips-and-tricks-fr"],"yoast_head":"<!-- This site is optimized with the Yoast SEO plugin v27.4 - https:\/\/yoast.com\/product\/yoast-seo-wordpress\/ -->\n<title>LE SAC \u00c0 DOS, SYNONYME DE MOBILIT\u00c9 ET DE FONCTIONNALIT\u00c9! - Mancini<\/title>\n<meta name=\"description\" content=\"Transportez vos affaires en tout confort avec notre sac \u00e0 dos pour \u00e9tudiants et professionnels. D\u00e9couvrez notre s\u00e9lection de haute qualit\u00e9 d\u00e8s aujourd&#039;hui.\" \/>\n<meta name=\"robots\" content=\"index, follow, max-snippet:-1, max-image-preview:large, max-video-preview:-1\" \/>\n<link rel=\"canonical\" href=\"https:\/\/www.mancinileather.com\/fr\/blog\/sac-a-dos-rentree-scolaire\" \/>\n<meta property=\"og:locale\" content=\"fr_FR\" \/>\n<meta property=\"og:type\" content=\"article\" \/>\n<meta property=\"og:title\" content=\"LE SAC \u00c0 DOS, SYNONYME DE MOBILIT\u00c9 ET DE FONCTIONNALIT\u00c9! - Mancini\" \/>\n<meta property=\"og:description\" content=\"Transportez vos affaires en tout confort avec notre sac \u00e0 dos pour \u00e9tudiants et professionnels. D\u00e9couvrez notre s\u00e9lection de haute qualit\u00e9 d\u00e8s aujourd&#039;hui.\" \/>\n<meta property=\"og:url\" content=\"https:\/\/www.mancinileather.com\/fr\/blog\/sac-a-dos-rentree-scolaire\" \/>\n<meta property=\"og:site_name\" content=\"Mancini\" \/>\n<meta property=\"article:published_time\" content=\"2019-11-22T19:10:39+00:00\" \/>\n<meta property=\"article:modified_time\" content=\"2023-05-31T14:12:19+00:00\" \/>\n<meta name=\"author\" content=\"Jamie\" \/>\n<meta name=\"twitter:card\" content=\"summary_large_image\" \/>\n<meta name=\"twitter:label1\" content=\"Written by\" \/>\n\t<meta name=\"twitter:data1\" content=\"Jamie\" \/>\n\t<meta name=\"twitter:label2\" content=\"Est. reading time\" \/>\n\t<meta name=\"twitter:data2\" content=\"3 minutes\" \/>\n<script type=\"application\/ld+json\" class=\"yoast-schema-graph\">{\"@context\":\"https:\\\/\\\/schema.org\",\"@graph\":[{\"@type\":\"Article\",\"@id\":\"https:\\\/\\\/www.mancinileather.com\\\/fr\\\/blog\\\/sac-a-dos-rentree-scolaire#article\",\"isPartOf\":{\"@id\":\"https:\\\/\\\/www.mancinileather.com\\\/fr\\\/blog\\\/sac-a-dos-rentree-scolaire\"},\"author\":{\"name\":\"Jamie\",\"@id\":\"https:\\\/\\\/www.mancinileather.com\\\/fr#\\\/schema\\\/person\\\/5af55f1e54b4ff33530baabcfe382c23\"},\"headline\":\"LE SAC \u00c0 DOS, SYNONYME DE MOBILIT\u00c9 ET DE FONCTIONNALIT\u00c9!\",\"datePublished\":\"2019-11-22T19:10:39+00:00\",\"dateModified\":\"2023-05-31T14:12:19+00:00\",\"mainEntityOfPage\":{\"@id\":\"https:\\\/\\\/www.mancinileather.com\\\/fr\\\/blog\\\/sac-a-dos-rentree-scolaire\"},\"wordCount\":603,\"commentCount\":0,\"articleSection\":[\"Tips &amp; Tricks\"],\"inLanguage\":\"fr-FR\",\"potentialAction\":[{\"@type\":\"CommentAction\",\"name\":\"Comment\",\"target\":[\"https:\\\/\\\/www.mancinileather.com\\\/fr\\\/blog\\\/sac-a-dos-rentree-scolaire#respond\"]}]},{\"@type\":\"WebPage\",\"@id\":\"https:\\\/\\\/www.mancinileather.com\\\/fr\\\/blog\\\/sac-a-dos-rentree-scolaire\",\"url\":\"https:\\\/\\\/www.mancinileather.com\\\/fr\\\/blog\\\/sac-a-dos-rentree-scolaire\",\"name\":\"LE SAC \u00c0 DOS, SYNONYME DE MOBILIT\u00c9 ET DE FONCTIONNALIT\u00c9! - Mancini\",\"isPartOf\":{\"@id\":\"https:\\\/\\\/www.mancinileather.com\\\/fr#website\"},\"datePublished\":\"2019-11-22T19:10:39+00:00\",\"dateModified\":\"2023-05-31T14:12:19+00:00\",\"author\":{\"@id\":\"https:\\\/\\\/www.mancinileather.com\\\/fr#\\\/schema\\\/person\\\/5af55f1e54b4ff33530baabcfe382c23\"},\"description\":\"Transportez vos affaires en tout confort avec notre sac \u00e0 dos pour \u00e9tudiants et professionnels. D\u00e9couvrez notre s\u00e9lection de haute qualit\u00e9 d\u00e8s aujourd'hui.\",\"breadcrumb\":{\"@id\":\"https:\\\/\\\/www.mancinileather.com\\\/fr\\\/blog\\\/sac-a-dos-rentree-scolaire#breadcrumb\"},\"inLanguage\":\"fr-FR\",\"potentialAction\":[{\"@type\":\"ReadAction\",\"target\":[\"https:\\\/\\\/www.mancinileather.com\\\/fr\\\/blog\\\/sac-a-dos-rentree-scolaire\"]}]},{\"@type\":\"BreadcrumbList\",\"@id\":\"https:\\\/\\\/www.mancinileather.com\\\/fr\\\/blog\\\/sac-a-dos-rentree-scolaire#breadcrumb\",\"itemListElement\":[{\"@type\":\"ListItem\",\"position\":1,\"name\":\"Home\",\"item\":\"https:\\\/\\\/www.mancinileather.com\\\/fr\"},{\"@type\":\"ListItem\",\"position\":2,\"name\":\"LE SAC \u00c0 DOS, SYNONYME DE MOBILIT\u00c9 ET DE FONCTIONNALIT\u00c9!\"}]},{\"@type\":\"WebSite\",\"@id\":\"https:\\\/\\\/www.mancinileather.com\\\/fr#website\",\"url\":\"https:\\\/\\\/www.mancinileather.com\\\/fr\",\"name\":\"Mancini\",\"description\":\"Online Leather Store and Products\",\"potentialAction\":[{\"@type\":\"SearchAction\",\"target\":{\"@type\":\"EntryPoint\",\"urlTemplate\":\"https:\\\/\\\/www.mancinileather.com\\\/fr?s={search_term_string}\"},\"query-input\":{\"@type\":\"PropertyValueSpecification\",\"valueRequired\":true,\"valueName\":\"search_term_string\"}}],\"inLanguage\":\"fr-FR\"},{\"@type\":\"Person\",\"@id\":\"https:\\\/\\\/www.mancinileather.com\\\/fr#\\\/schema\\\/person\\\/5af55f1e54b4ff33530baabcfe382c23\",\"name\":\"Jamie\",\"image\":{\"@type\":\"ImageObject\",\"inLanguage\":\"fr-FR\",\"@id\":\"https:\\\/\\\/www.mancinileather.com\\\/wp-content\\\/litespeed\\\/avatar\\\/cb522483f08e6f25de9539a004bd926f.jpg?ver=1776926346\",\"url\":\"https:\\\/\\\/www.mancinileather.com\\\/wp-content\\\/litespeed\\\/avatar\\\/cb522483f08e6f25de9539a004bd926f.jpg?ver=1776926346\",\"contentUrl\":\"https:\\\/\\\/www.mancinileather.com\\\/wp-content\\\/litespeed\\\/avatar\\\/cb522483f08e6f25de9539a004bd926f.jpg?ver=1776926346\",\"caption\":\"Jamie\"},\"url\":\"https:\\\/\\\/www.mancinileather.com\\\/fr\\\/blog\\\/author\\\/jamie-2\"}]}<\/script>\n<!-- \/ Yoast SEO plugin. -->","yoast_head_json":{"title":"LE SAC \u00c0 DOS, SYNONYME DE MOBILIT\u00c9 ET DE FONCTIONNALIT\u00c9! - Mancini","description":"Transportez vos affaires en tout confort avec notre sac \u00e0 dos pour \u00e9tudiants et professionnels. D\u00e9couvrez notre s\u00e9lection de haute qualit\u00e9 d\u00e8s aujourd'hui.","robots":{"index":"index","follow":"follow","max-snippet":"max-snippet:-1","max-image-preview":"max-image-preview:large","max-video-preview":"max-video-preview:-1"},"canonical":"https:\/\/www.mancinileather.com\/fr\/blog\/sac-a-dos-rentree-scolaire","og_locale":"fr_FR","og_type":"article","og_title":"LE SAC \u00c0 DOS, SYNONYME DE MOBILIT\u00c9 ET DE FONCTIONNALIT\u00c9! - Mancini","og_description":"Transportez vos affaires en tout confort avec notre sac \u00e0 dos pour \u00e9tudiants et professionnels. D\u00e9couvrez notre s\u00e9lection de haute qualit\u00e9 d\u00e8s aujourd'hui.","og_url":"https:\/\/www.mancinileather.com\/fr\/blog\/sac-a-dos-rentree-scolaire","og_site_name":"Mancini","article_published_time":"2019-11-22T19:10:39+00:00","article_modified_time":"2023-05-31T14:12:19+00:00","author":"Jamie","twitter_card":"summary_large_image","twitter_misc":{"Written by":"Jamie","Est. reading time":"3 minutes"},"schema":{"@context":"https:\/\/schema.org","@graph":[{"@type":"Article","@id":"https:\/\/www.mancinileather.com\/fr\/blog\/sac-a-dos-rentree-scolaire#article","isPartOf":{"@id":"https:\/\/www.mancinileather.com\/fr\/blog\/sac-a-dos-rentree-scolaire"},"author":{"name":"Jamie","@id":"https:\/\/www.mancinileather.com\/fr#\/schema\/person\/5af55f1e54b4ff33530baabcfe382c23"},"headline":"LE SAC \u00c0 DOS, SYNONYME DE MOBILIT\u00c9 ET DE FONCTIONNALIT\u00c9!","datePublished":"2019-11-22T19:10:39+00:00","dateModified":"2023-05-31T14:12:19+00:00","mainEntityOfPage":{"@id":"https:\/\/www.mancinileather.com\/fr\/blog\/sac-a-dos-rentree-scolaire"},"wordCount":603,"commentCount":0,"articleSection":["Tips &amp; Tricks"],"inLanguage":"fr-FR","potentialAction":[{"@type":"CommentAction","name":"Comment","target":["https:\/\/www.mancinileather.com\/fr\/blog\/sac-a-dos-rentree-scolaire#respond"]}]},{"@type":"WebPage","@id":"https:\/\/www.mancinileather.com\/fr\/blog\/sac-a-dos-rentree-scolaire","url":"https:\/\/www.mancinileather.com\/fr\/blog\/sac-a-dos-rentree-scolaire","name":"LE SAC \u00c0 DOS, SYNONYME DE MOBILIT\u00c9 ET DE FONCTIONNALIT\u00c9! - Mancini","isPartOf":{"@id":"https:\/\/www.mancinileather.com\/fr#website"},"datePublished":"2019-11-22T19:10:39+00:00","dateModified":"2023-05-31T14:12:19+00:00","author":{"@id":"https:\/\/www.mancinileather.com\/fr#\/schema\/person\/5af55f1e54b4ff33530baabcfe382c23"},"description":"Transportez vos affaires en tout confort avec notre sac \u00e0 dos pour \u00e9tudiants et professionnels. D\u00e9couvrez notre s\u00e9lection de haute qualit\u00e9 d\u00e8s aujourd'hui.","breadcrumb":{"@id":"https:\/\/www.mancinileather.com\/fr\/blog\/sac-a-dos-rentree-scolaire#breadcrumb"},"inLanguage":"fr-FR","potentialAction":[{"@type":"ReadAction","target":["https:\/\/www.mancinileather.com\/fr\/blog\/sac-a-dos-rentree-scolaire"]}]},{"@type":"BreadcrumbList","@id":"https:\/\/www.mancinileather.com\/fr\/blog\/sac-a-dos-rentree-scolaire#breadcrumb","itemListElement":[{"@type":"ListItem","position":1,"name":"Home","item":"https:\/\/www.mancinileather.com\/fr"},{"@type":"ListItem","position":2,"name":"LE SAC \u00c0 DOS, SYNONYME DE MOBILIT\u00c9 ET DE FONCTIONNALIT\u00c9!"}]},{"@type":"WebSite","@id":"https:\/\/www.mancinileather.com\/fr#website","url":"https:\/\/www.mancinileather.com\/fr","name":"Mancini","description":"Online Leather Store and Products","potentialAction":[{"@type":"SearchAction","target":{"@type":"EntryPoint","urlTemplate":"https:\/\/www.mancinileather.com\/fr?s={search_term_string}"},"query-input":{"@type":"PropertyValueSpecification","valueRequired":true,"valueName":"search_term_string"}}],"inLanguage":"fr-FR"},{"@type":"Person","@id":"https:\/\/www.mancinileather.com\/fr#\/schema\/person\/5af55f1e54b4ff33530baabcfe382c23","name":"Jamie","image":{"@type":"ImageObject","inLanguage":"fr-FR","@id":"https:\/\/www.mancinileather.com\/wp-content\/litespeed\/avatar\/cb522483f08e6f25de9539a004bd926f.jpg?ver=1776926346","url":"https:\/\/www.mancinileather.com\/wp-content\/litespeed\/avatar\/cb522483f08e6f25de9539a004bd926f.jpg?ver=1776926346","contentUrl":"https:\/\/www.mancinileather.com\/wp-content\/litespeed\/avatar\/cb522483f08e6f25de9539a004bd926f.jpg?ver=1776926346","caption":"Jamie"},"url":"https:\/\/www.mancinileather.com\/fr\/blog\/author\/jamie-2"}]}},"jetpack_featured_media_url":"","_links":{"self":[{"href":"https:\/\/www.mancinileather.com\/fr\/wp-json\/wp\/v2\/posts\/164","targetHints":{"allow":["GET"]}}],"collection":[{"href":"https:\/\/www.mancinileather.com\/fr\/wp-json\/wp\/v2\/posts"}],"about":[{"href":"https:\/\/www.mancinileather.com\/fr\/wp-json\/wp\/v2\/types\/post"}],"author":[{"embeddable":true,"href":"https:\/\/www.mancinileather.com\/fr\/wp-json\/wp\/v2\/users\/2658"}],"replies":[{"embeddable":true,"href":"https:\/\/www.mancinileather.com\/fr\/wp-json\/wp\/v2\/comments?post=164"}],"version-history":[{"count":1,"href":"https:\/\/www.mancinileather.com\/fr\/wp-json\/wp\/v2\/posts\/164\/revisions"}],"predecessor-version":[{"id":58019,"href":"https:\/\/www.mancinileather.com\/fr\/wp-json\/wp\/v2\/posts\/164\/revisions\/58019"}],"wp:attachment":[{"href":"https:\/\/www.mancinileather.com\/fr\/wp-json\/wp\/v2\/media?parent=164"}],"wp:term":[{"taxonomy":"category","embeddable":true,"href":"https:\/\/www.mancinileather.com\/fr\/wp-json\/wp\/v2\/categories?post=164"},{"taxonomy":"post_tag","embeddable":true,"href":"https:\/\/www.mancinileather.com\/fr\/wp-json\/wp\/v2\/tags?post=164"}],"curies":[{"name":"wp","href":"https:\/\/api.w.org\/{rel}","templated":true}]}}